{"id":5906,"date":"2026-05-06T13:18:00","date_gmt":"2026-05-06T13:18:00","guid":{"rendered":"https:\/\/amniosarchitettura.it\/?p=5906"},"modified":"2026-06-10T09:04:11","modified_gmt":"2026-06-10T09:04:11","slug":"perch-anche-la-cucina-merita-un-vero-progetto","status":"publish","type":"post","link":"https:\/\/amniosarchitettura.it\/en\/articoli\/perch-anche-la-cucina-merita-un-vero-progetto\/","title":{"rendered":"Why the kitchen deserves a real project too"},"content":{"rendered":"<div data-elementor-type=\"wp-post\" data-elementor-id=\"5906\" class=\"elementor elementor-5906\">\n\t\t\t\t<div class=\"elementor-element elementor-element-3e76e6b e-flex e-con-boxed e-con e-parent\" data-id=\"3e76e6b\" data-element_type=\"container\">\n\t\t\t\t\t<div class=\"e-con-inner\">\n\t\t\t\t<div class=\"elementor-element elementor-element-6783045 elementor-widget elementor-widget-heading\" data-id=\"6783045\" data-element_type=\"widget\" data-widget_type=\"heading.default\">\n\t\t\t\t\t<h2 class=\"elementor-heading-title elementor-size-default\">The kitchen: a reflection of the way we live\n<\/h2>\t\t\t\t<\/div>\n\t\t\t\t\t<\/div>\n\t\t\t\t<\/div>\n\t\t\t\t<section class=\"elementor-section elementor-top-section elementor-element elementor-element-a2879bc elementor-section-full_width elementor-section-height-default elementor-section-height-default\" data-id=\"a2879bc\" data-element_type=\"section\">\n\t\t\t\t\t\t<div class=\"elementor-container elementor-column-gap-no\">\n\t\t\t\t\t<div class=\"elementor-column elementor-col-100 elementor-top-column elementor-element elementor-element-c35882f\" data-id=\"c35882f\" data-element_type=\"column\">\n\t\t\t<div class=\"elementor-widget-wrap elementor-element-populated\">\n\t\t\t\t\t\t<div class=\"elementor-element elementor-element-1a2fa0f elementor-widget elementor-widget-text-editor\" data-id=\"1a2fa0f\" data-element_type=\"widget\" data-widget_type=\"text-editor.default\">\n\t\t\t\t\t\t\t\t\t<p><span style=\"font-weight: 400;\">The kitchen is perhaps the part of the home that, more than any other, reflects how our way of living has changed.<\/span><\/p><p><span style=\"font-weight: 400;\">Once a secluded and hidden space, accessible almost exclusively to those responsible for domestic work, the kitchen has gradually become a place for gathering and social interaction \u2014 the heart of everyday life, used not only for preparing food but also for sharing and enjoying meals.<\/span><\/p><p><span style=\"font-weight: 400;\">Not only has the way we experience the kitchen changed, but so has its role within the home. Its walls have gradually opened up, almost disappearing altogether. The kitchen has merged with the living room, losing its rigidity and becoming an increasingly integrated part of the living area.<\/span><\/p><p><span style=\"font-weight: 400;\">Some of its elements have also gradually broken away from the main structure: kitchen islands and peninsulas have become places to gather around, cook, and share moments of everyday domestic life.<\/span><\/p><p><span style=\"font-weight: 400;\">The boundary between the kitchen and the living area has become increasingly blurred.<\/span><span style=\"font-weight: 400;\"><br \/><\/span><span style=\"font-weight: 400;\"> And along with it, the perception of this space has changed as well: from a purely functional area to one designed to be seen, experienced, and shared.<\/span><\/p>\t\t\t\t\t\t\t\t<\/div>\n\t\t\t\t\t<\/div>\n\t\t<\/div>\n\t\t\t\t\t<\/div>\n\t\t<\/section>\n\t\t\t\t<section class=\"elementor-section elementor-top-section elementor-element elementor-element-e976624 elementor-section-full_width elementor-section-height-default elementor-section-height-default\" data-id=\"e976624\" data-element_type=\"section\">\n\t\t\t\t\t\t<div class=\"elementor-container elementor-column-gap-no\">\n\t\t\t\t\t<div class=\"elementor-column elementor-col-100 elementor-top-column elementor-element elementor-element-bf80f34\" data-id=\"bf80f34\" data-element_type=\"column\">\n\t\t\t<div class=\"elementor-widget-wrap elementor-element-populated\">\n\t\t\t\t\t\t<div class=\"elementor-element elementor-element-b13e694 elementor-widget elementor-widget-heading\" data-id=\"b13e694\" data-element_type=\"widget\" data-widget_type=\"heading.default\">\n\t\t\t\t\t<h3 class=\"elementor-heading-title elementor-size-default\">Technology and transformation<\/h3>\t\t\t\t<\/div>\n\t\t\t\t<div class=\"elementor-element elementor-element-231669d elementor-widget elementor-widget-text-editor\" data-id=\"231669d\" data-element_type=\"widget\" data-widget_type=\"text-editor.default\">\n\t\t\t\t\t\t\t\t\t<p><span style=\"font-weight: 400;\">Alongside this cultural evolution came a technological one, equally radical.<\/span><\/p><p><span style=\"font-weight: 400;\">The kitchen is probably the area of the home most affected by innovation. Cooking over an open flame gave way to gas, and today increasingly to fully electric systems. With the economic boom of the 1960s, refrigerators and household appliances entered people\u2019s homes, profoundly transforming the organization of domestic space.<\/span><\/p><p><span style=\"font-weight: 400;\">From that moment on, the kitchen gradually expanded to accommodate new functions and appliances. The number of modules required to compose a modern kitchen grew rapidly, and more and more tasks became mechanized, turning the domestic kitchen into an increasingly complex, sophisticated, and technical system.<\/span><\/p><p><span style=\"font-weight: 400;\">Paradoxically, while the kitchen has become increasingly advanced, people around the world are eating out more and more often. A trend that also affects Italy, where the culture of food and cooking still plays a very important role, and the kitchen remains one of the spaces people invest in the most.<\/span><\/p>\t\t\t\t\t\t\t\t<\/div>\n\t\t\t\t\t<\/div>\n\t\t<\/div>\n\t\t\t\t\t<\/div>\n\t\t<\/section>\n\t\t<div class=\"elementor-element elementor-element-04ca155 e-flex e-con-boxed e-con e-parent\" data-id=\"04ca155\" data-element_type=\"container\">\n\t\t\t\t\t<div class=\"e-con-inner\">\n\t\t\t\t<div class=\"elementor-element elementor-element-dedade0 elementor-widget elementor-widget-heading\" data-id=\"dedade0\" data-element_type=\"widget\" data-widget_type=\"heading.default\">\n\t\t\t\t\t<h2 class=\"elementor-heading-title elementor-size-default\">But what do people invest in when it comes to a kitchen today?<\/h2>\t\t\t\t<\/div>\n\t\t\t\t\t<\/div>\n\t\t\t\t<\/div>\n\t\t\t\t<section class=\"elementor-section elementor-top-section elementor-element elementor-element-ffd3674 elementor-section-full_width elementor-section-height-default elementor-section-height-default\" data-id=\"ffd3674\" data-element_type=\"section\">\n\t\t\t\t\t\t<div class=\"elementor-container elementor-column-gap-no\">\n\t\t\t\t\t<div class=\"elementor-column elementor-col-100 elementor-top-column elementor-element elementor-element-bb02b5e\" data-id=\"bb02b5e\" data-element_type=\"column\">\n\t\t\t<div class=\"elementor-widget-wrap elementor-element-populated\">\n\t\t\t\t\t\t<div class=\"elementor-element elementor-element-af51802 elementor-widget elementor-widget-text-editor\" data-id=\"af51802\" data-element_type=\"widget\" data-widget_type=\"text-editor.default\">\n\t\t\t\t\t\t\t\t\t<p><span style=\"font-weight: 400;\">People often go directly to a kitchen retailer, and this investment turns into the selection of finishes, a wide range of appliances, and increasingly sophisticated solutions, guided by market trends and the variety offered by showrooms. It is an immediate, engaging, and seemingly comprehensive process.<\/span><\/p><p><span style=\"font-weight: 400;\">And yet, it is precisely at this stage that a fundamental aspect is often overlooked: <\/span><b>the project.<\/b><\/p><p><span style=\"font-weight: 400;\">Not merely as a formal design exercise, but as the moment in which the role of the kitchen within the home is defined \u2014 its relationship with the other spaces and the way it will actually be lived in every day.<\/span><\/p><p><span style=\"font-weight: 400;\">This is where the contribution of an architect can make the difference: creating a balance between personal needs, space, and functionality, and ensuring that the investment does not simply result in a collection of elements \u2014 however valuable \u2014 lacking a true overall coherence.<\/span><\/p>\t\t\t\t\t\t\t\t<\/div>\n\t\t\t\t\t<\/div>\n\t\t<\/div>\n\t\t\t\t\t<\/div>\n\t\t<\/section>\n\t\t<div class=\"elementor-element elementor-element-9e8d43f e-flex e-con-boxed e-con e-parent\" data-id=\"9e8d43f\" data-element_type=\"container\">\n\t\t\t\t\t<div class=\"e-con-inner\">\n\t\t\t\t<div class=\"elementor-element elementor-element-74b2cf0 elementor-widget elementor-widget-heading\" data-id=\"74b2cf0\" data-element_type=\"widget\" data-widget_type=\"heading.default\">\n\t\t\t\t\t<h2 class=\"elementor-heading-title elementor-size-default\">Designing a kitchen today<\/h2>\t\t\t\t<\/div>\n\t\t\t\t\t<\/div>\n\t\t\t\t<\/div>\n\t\t\t\t<section class=\"elementor-section elementor-top-section elementor-element elementor-element-c790400 elementor-section-full_width elementor-section-height-default elementor-section-height-default\" data-id=\"c790400\" data-element_type=\"section\">\n\t\t\t\t\t\t<div class=\"elementor-container elementor-column-gap-no\">\n\t\t\t\t\t<div class=\"elementor-column elementor-col-100 elementor-top-column elementor-element elementor-element-bea751c\" data-id=\"bea751c\" data-element_type=\"column\">\n\t\t\t<div class=\"elementor-widget-wrap elementor-element-populated\">\n\t\t\t\t\t\t<div class=\"elementor-element elementor-element-04e55fe elementor-widget elementor-widget-text-editor\" data-id=\"04e55fe\" data-element_type=\"widget\" data-widget_type=\"text-editor.default\">\n\t\t\t\t\t\t\t\t\t<p><span style=\"font-weight: 400;\">Before addressing dimensions, systems, and appliances, the design process should begin with a deeper question: what role does the kitchen play in your domestic life?<\/span><\/p><p><span style=\"font-weight: 400;\">How much do you truly enjoy cooking? What habits connect you most to this space?<\/span><span style=\"font-weight: 400;\"><br \/><\/span><span style=\"font-weight: 400;\"> Do you imagine it as an open and convivial space, connected to the rest of the home, even at the cost of occasionally exposing clutter or letting cooking smells spread? Or do you prefer a more intimate, separate, and inward-looking kitchen? Or perhaps a hybrid solution could make sense \u2014 one capable of balancing both conditions?<\/span><\/p><p><span style=\"font-weight: 400;\">E poi: quale configurazione pu\u00f2 valorizzare davvero il contesto di partenza della tua casa, facendo s\u00ec che funzioni meglio anche in relazione agli altri spazi domestici?<\/span><span style=\"font-weight: 400;\"><br \/><\/span><span style=\"font-weight: 400;\"><br \/><\/span><span style=\"font-weight: 400;\">Not all homes offer the same starting conditions, and not everyone experiences the kitchen in the same way.<\/span><\/p><p><span style=\"font-weight: 400;\">Only by starting from these questions can the design begin to take shape, balancing the available space, personal needs, and technical, functional, and ergonomic constraints in order to create a kitchen that is cleaner, more harmonious, and more functional.<br \/><\/span><\/p>\t\t\t\t\t\t\t\t<\/div>\n\t\t\t\t<div class=\"elementor-element elementor-element-01c2ff2 elementor-widget elementor-widget-image\" data-id=\"01c2ff2\" data-element_type=\"widget\" data-widget_type=\"image.default\">\n\t\t\t\t\t\t\t\t\t\t\t\t\t\t\t<img fetchpriority=\"high\" decoding=\"async\" width=\"1024\" height=\"683\" src=\"https:\/\/amniosarchitettura.it\/wp-content\/uploads\/2026\/01\/CASA-BLU-CASA-VACANZE_A2-1024x683.webp\" class=\"attachment-large size-large wp-image-4252\" alt=\"Cucina moderna incassata monoblocco blu con nicchia bianca, faretti a soffitto e design minimalista per casa vacanze.\" srcset=\"https:\/\/amniosarchitettura.it\/wp-content\/uploads\/2026\/01\/CASA-BLU-CASA-VACANZE_A2-1024x683.webp 1024w, https:\/\/amniosarchitettura.it\/wp-content\/uploads\/2026\/01\/CASA-BLU-CASA-VACANZE_A2-300x200.webp 300w, https:\/\/amniosarchitettura.it\/wp-content\/uploads\/2026\/01\/CASA-BLU-CASA-VACANZE_A2-768x512.webp 768w, https:\/\/amniosarchitettura.it\/wp-content\/uploads\/2026\/01\/CASA-BLU-CASA-VACANZE_A2-1536x1024.webp 1536w, https:\/\/amniosarchitettura.it\/wp-content\/uploads\/2026\/01\/CASA-BLU-CASA-VACANZE_A2.webp 1920w\" sizes=\"(max-width: 1024px) 100vw, 1024px\" \/>\t\t\t\t\t\t\t\t\t\t\t\t\t\t\t<\/div>\n\t\t\t\t<div class=\"elementor-element elementor-element-819a840 elementor-widget elementor-widget-text-editor\" data-id=\"819a840\" data-element_type=\"widget\" data-widget_type=\"text-editor.default\">\n\t\t\t\t\t\t\t\t\t<p><i><span style=\"font-weight: 400;\">Built-in kitchenette in\u00a0<a href=\"https:\/\/amniosarchitettura.it\/en\/portfolio\/casa-blu-casa-vacanze-a-roma\/\"><span style=\"text-decoration: underline;\">Blue House<\/span><\/a><br \/><\/span><\/i><i><\/i><\/p>\t\t\t\t\t\t\t\t<\/div>\n\t\t\t\t\t<\/div>\n\t\t<\/div>\n\t\t\t\t\t<\/div>\n\t\t<\/section>\n\t\t\t\t<section class=\"elementor-section elementor-top-section elementor-element elementor-element-492a90a elementor-section-full_width elementor-section-height-default elementor-section-height-default\" data-id=\"492a90a\" data-element_type=\"section\">\n\t\t\t\t\t\t<div class=\"elementor-container elementor-column-gap-no\">\n\t\t\t\t\t<div class=\"elementor-column elementor-col-100 elementor-top-column elementor-element elementor-element-5dc9427\" data-id=\"5dc9427\" data-element_type=\"column\">\n\t\t\t<div class=\"elementor-widget-wrap elementor-element-populated\">\n\t\t\t\t\t\t<div class=\"elementor-element elementor-element-90695d9 elementor-widget elementor-widget-heading\" data-id=\"90695d9\" data-element_type=\"widget\" data-widget_type=\"heading.default\">\n\t\t\t\t\t<h2 class=\"elementor-heading-title elementor-size-default\">When kitchen design constraints dictate the outcome \n\n<\/h2>\t\t\t\t<\/div>\n\t\t\t\t\t<\/div>\n\t\t<\/div>\n\t\t\t\t\t<\/div>\n\t\t<\/section>\n\t\t<div class=\"elementor-element elementor-element-0b96b52 e-flex e-con-boxed e-con e-parent\" data-id=\"0b96b52\" data-element_type=\"container\">\n\t\t\t\t\t<div class=\"e-con-inner\">\n\t\t\t\t<div class=\"elementor-element elementor-element-8841629 elementor-widget elementor-widget-text-editor\" data-id=\"8841629\" data-element_type=\"widget\" data-widget_type=\"text-editor.default\">\n\t\t\t\t\t\t\t\t\t<p><span style=\"font-weight: 400;\">Only afterwards does one move into the more strictly technical realm \u2014 far from a simple one.<\/span><\/p><p>It is not simply a matter of choosing furniture, but of balancing a series of very specific constraints.<span style=\"font-weight: 400;\"><br \/><\/span><span style=\"font-weight: 400;\">Every element comes with its own set of rules: dimensions, opening direction, electrical and plumbing connections, and technical requirements. And their arrangement, however free it may appear, follows very precise principles. The sink relates to the dishwasher, the cooktop requires adjacent work surfaces and should not be too far from the washing area, while the refrigerator must be easily accessible and close to the main working zone.<\/span><\/p><p><span style=\"font-weight: 400;\">All of this takes place within a space that often already comes with its own limitations: walls, windows, and existing systems.<br \/>The kitchen is therefore a true interplay between technical requirements and everyday use.<br \/>And precisely because there are so many constraints, it is easy to fall into an approach focused simply on \u201cmaking everything work.\u201d Problems are solved one at a time, individual solutions are found, appliances are selected, and in the end the result is a kitchen that works\u2026 but rarely one with a true design coherence.<\/span><\/p>\t\t\t\t\t\t\t\t<\/div>\n\t\t\t\t\t<\/div>\n\t\t\t\t<\/div>\n\t\t\t\t<section class=\"elementor-section elementor-top-section elementor-element elementor-element-32e5573 elementor-section-full_width elementor-section-height-default elementor-section-height-default\" data-id=\"32e5573\" data-element_type=\"section\">\n\t\t\t\t\t\t<div class=\"elementor-container elementor-column-gap-no\">\n\t\t\t\t\t<div class=\"elementor-column elementor-col-100 elementor-top-column elementor-element elementor-element-629d480\" data-id=\"629d480\" data-element_type=\"column\">\n\t\t\t<div class=\"elementor-widget-wrap elementor-element-populated\">\n\t\t\t\t\t\t<div class=\"elementor-element elementor-element-6ba2ef3 elementor-widget elementor-widget-heading\" data-id=\"6ba2ef3\" data-element_type=\"widget\" data-widget_type=\"heading.default\">\n\t\t\t\t\t<h2 class=\"elementor-heading-title elementor-size-default\">When kitchen design constraints take over \n\n<\/h2>\t\t\t\t<\/div>\n\t\t\t\t<div class=\"elementor-element elementor-element-535b6be elementor-widget elementor-widget-image\" data-id=\"535b6be\" data-element_type=\"widget\" data-widget_type=\"image.default\">\n\t\t\t\t\t\t\t\t\t\t\t\t\t\t\t<img decoding=\"async\" width=\"1024\" height=\"724\" src=\"https:\/\/amniosarchitettura.it\/wp-content\/uploads\/2026\/05\/cucina_-1-1024x724.webp\" class=\"attachment-large size-large wp-image-5926\" alt=\"progetto esecutivo di una cucina\" srcset=\"https:\/\/amniosarchitettura.it\/wp-content\/uploads\/2026\/05\/cucina_-1-1024x724.webp 1024w, https:\/\/amniosarchitettura.it\/wp-content\/uploads\/2026\/05\/cucina_-1-300x212.webp 300w, https:\/\/amniosarchitettura.it\/wp-content\/uploads\/2026\/05\/cucina_-1-768x543.webp 768w, https:\/\/amniosarchitettura.it\/wp-content\/uploads\/2026\/05\/cucina_-1-1536x1086.webp 1536w\" sizes=\"(max-width: 1024px) 100vw, 1024px\" \/>\t\t\t\t\t\t\t\t\t\t\t\t\t\t\t<\/div>\n\t\t\t\t<div class=\"elementor-element elementor-element-c54113a elementor-widget elementor-widget-text-editor\" data-id=\"c54113a\" data-element_type=\"widget\" data-widget_type=\"text-editor.default\">\n\t\t\t\t\t\t\t\t\t<p><i><span style=\"font-weight: 400;\">Executive design for the custom kitchen of\u00a0 <a href=\"https:\/\/amniosarchitettura.it\/en\/portfolio\/villino-ferrero-casa-liberty\/\"><span style=\"text-decoration: underline;\">Art Nouveau Residence<\/span><\/a><br \/><\/span><\/i><i><\/i><\/p>\t\t\t\t\t\t\t\t<\/div>\n\t\t\t\t\t<\/div>\n\t\t<\/div>\n\t\t\t\t\t<\/div>\n\t\t<\/section>\n\t\t\t\t<section class=\"elementor-section elementor-top-section elementor-element elementor-element-2972c96 elementor-section-full_width elementor-section-height-default elementor-section-height-default\" data-id=\"2972c96\" data-element_type=\"section\">\n\t\t\t\t\t\t<div class=\"elementor-container elementor-column-gap-no\">\n\t\t\t\t\t<div class=\"elementor-column elementor-col-100 elementor-top-column elementor-element elementor-element-e24c9cc\" data-id=\"e24c9cc\" data-element_type=\"column\">\n\t\t\t<div class=\"elementor-widget-wrap elementor-element-populated\">\n\t\t\t\t\t\t<div class=\"elementor-element elementor-element-69178ea elementor-widget elementor-widget-text-editor\" data-id=\"69178ea\" data-element_type=\"widget\" data-widget_type=\"text-editor.default\">\n\t\t\t\t\t\t\t\t\t<p><span style=\"font-weight: 400;\">Things change when the perspective is reversed.<\/span><span style=\"font-weight: 400;\"><br \/><\/span><span style=\"font-weight: 400;\"> Instead of being constrained by limitations, they become the foundation for building a strategy.<\/span><\/p><p><span style=\"font-weight: 400;\">One begins to think in terms of systems, balances, and relationships between elements. The constraints do not disappear, but they are organized within a clearer and more coherent logic.<\/span><\/p><p><span style=\"font-weight: 400;\">For example, concentrating all tall units into a single volume \u2014 possibly recessed \u2014 helps free up the rest of the space. Clearly separating tall elements from lower ones makes the composition more legible. Integrating worktops into one continuous surface improves not only the aesthetics, but also everyday usability, creating a larger, more seamless, and functional workspace.<\/span><\/p><p><span style=\"font-weight: 400;\">These are seemingly simple choices, yet they have an enormous impact.<\/span><span style=\"font-weight: 400;\"><br \/><\/span><span style=\"font-weight: 400;\"> A kitchen designed in this way provides larger surfaces, smoother movement, easier cleaning, and \u2014 not least \u2014 better management of natural light.<\/span><\/p><p><span style=\"font-weight: 400;\">When a kitchen is fragmented into many different heights and volumes, even light struggles to find a clear logic. Shadows, discontinuities, and poorly controlled effects begin to emerge.<\/span><span style=\"font-weight: 400;\"><br \/><\/span><span style=\"font-weight: 400;\"> By contrast, a more orderly composition makes it possible to work more effectively on this aspect as well. Illuminating a worktop requires a very different type of lighting from that needed for a full-height wall.<\/span><\/p><p><span style=\"font-weight: 400;\">Greater clarity and a well-considered organization of volumes create a kitchen that is not only more coherent, but also more functional and spatially refined.<\/span><\/p>\t\t\t\t\t\t\t\t<\/div>\n\t\t\t\t\t<\/div>\n\t\t<\/div>\n\t\t\t\t\t<\/div>\n\t\t<\/section>\n\t\t<div class=\"elementor-element elementor-element-88c8227 e-flex e-con-boxed e-con e-parent\" data-id=\"88c8227\" data-element_type=\"container\">\n\t\t\t\t\t<div class=\"e-con-inner\">\n\t\t<div class=\"elementor-element elementor-element-a0a0f18 e-con-full e-flex e-con e-child\" data-id=\"a0a0f18\" data-element_type=\"container\">\n\t\t\t\t<div class=\"elementor-element elementor-element-c25afc6 elementor-widget elementor-widget-image\" data-id=\"c25afc6\" data-element_type=\"widget\" data-widget_type=\"image.default\">\n\t\t\t\t\t\t\t\t\t\t\t\t\t\t\t<img decoding=\"async\" width=\"682\" height=\"1024\" src=\"https:\/\/amniosarchitettura.it\/wp-content\/uploads\/2026\/02\/k-682x1024.webp\" class=\"attachment-large size-large wp-image-4795\" alt=\"cucina minimal, disegnata su misura\" srcset=\"https:\/\/amniosarchitettura.it\/wp-content\/uploads\/2026\/02\/k-682x1024.webp 682w, https:\/\/amniosarchitettura.it\/wp-content\/uploads\/2026\/02\/k-200x300.webp 200w, https:\/\/amniosarchitettura.it\/wp-content\/uploads\/2026\/02\/k-768x1152.webp 768w, https:\/\/amniosarchitettura.it\/wp-content\/uploads\/2026\/02\/k-1024x1536.webp 1024w, https:\/\/amniosarchitettura.it\/wp-content\/uploads\/2026\/02\/k-8x12.webp 8w, https:\/\/amniosarchitettura.it\/wp-content\/uploads\/2026\/02\/k.webp 1333w\" sizes=\"(max-width: 682px) 100vw, 682px\" \/>\t\t\t\t\t\t\t\t\t\t\t\t\t\t\t<\/div>\n\t\t\t\t<\/div>\n\t\t<div class=\"elementor-element elementor-element-3f31353 e-con-full e-flex e-con e-child\" data-id=\"3f31353\" data-element_type=\"container\">\n\t\t\t\t<div class=\"elementor-element elementor-element-681373e elementor-widget elementor-widget-image\" data-id=\"681373e\" data-element_type=\"widget\" data-widget_type=\"image.default\">\n\t\t\t\t\t\t\t\t\t\t\t\t\t\t\t<img loading=\"lazy\" decoding=\"async\" width=\"682\" height=\"1024\" src=\"https:\/\/amniosarchitettura.it\/wp-content\/uploads\/2026\/02\/SEV_0424BARNOCCHI_ELLERSTUDIO-682x1024.webp\" class=\"attachment-large size-large wp-image-4791\" alt=\"cucina di alto design di alta qualit\u00e0\" srcset=\"https:\/\/amniosarchitettura.it\/wp-content\/uploads\/2026\/02\/SEV_0424BARNOCCHI_ELLERSTUDIO-682x1024.webp 682w, https:\/\/amniosarchitettura.it\/wp-content\/uploads\/2026\/02\/SEV_0424BARNOCCHI_ELLERSTUDIO-200x300.webp 200w, https:\/\/amniosarchitettura.it\/wp-content\/uploads\/2026\/02\/SEV_0424BARNOCCHI_ELLERSTUDIO-768x1152.webp 768w, https:\/\/amniosarchitettura.it\/wp-content\/uploads\/2026\/02\/SEV_0424BARNOCCHI_ELLERSTUDIO-1024x1536.webp 1024w, https:\/\/amniosarchitettura.it\/wp-content\/uploads\/2026\/02\/SEV_0424BARNOCCHI_ELLERSTUDIO-8x12.webp 8w, https:\/\/amniosarchitettura.it\/wp-content\/uploads\/2026\/02\/SEV_0424BARNOCCHI_ELLERSTUDIO.webp 1333w\" sizes=\"(max-width: 682px) 100vw, 682px\" \/>\t\t\t\t\t\t\t\t\t\t\t\t\t\t\t<\/div>\n\t\t\t\t<\/div>\n\t\t\t\t\t<\/div>\n\t\t\t\t<\/div>\n\t\t\t\t<section class=\"elementor-section elementor-top-section elementor-element elementor-element-ffd93bc elementor-section-full_width elementor-section-height-default elementor-section-height-default\" data-id=\"ffd93bc\" data-element_type=\"section\">\n\t\t\t\t\t\t<div class=\"elementor-container elementor-column-gap-no\">\n\t\t\t\t\t<div class=\"elementor-column elementor-col-100 elementor-top-column elementor-element elementor-element-469020c\" data-id=\"469020c\" data-element_type=\"column\">\n\t\t\t<div class=\"elementor-widget-wrap elementor-element-populated\">\n\t\t\t\t\t\t<div class=\"elementor-element elementor-element-2a81645 elementor-widget elementor-widget-text-editor\" data-id=\"2a81645\" data-element_type=\"widget\" data-widget_type=\"text-editor.default\">\n\t\t\t\t\t\t\t\t\t<p><i><span style=\"font-weight: 400;\">Custom-designed and bespoke-made kitchen in\u00a0\u00a0<a href=\"https:\/\/amniosarchitettura.it\/en\/portfolio\/villino-ferrero-casa-minimal\/\"><span style=\"text-decoration: underline;\">Minimalist House<\/span><\/a><br \/><\/span><\/i><i><\/i><\/p>\t\t\t\t\t\t\t\t<\/div>\n\t\t\t\t<div class=\"elementor-element elementor-element-7a19484 elementor-widget elementor-widget-heading\" data-id=\"7a19484\" data-element_type=\"widget\" data-widget_type=\"heading.default\">\n\t\t\t\t\t<h2 class=\"elementor-heading-title elementor-size-default\">\nThere is no perfect kitchen\n<\/h2>\t\t\t\t<\/div>\n\t\t\t\t<div class=\"elementor-element elementor-element-64ebc1c elementor-widget elementor-widget-text-editor\" data-id=\"64ebc1c\" data-element_type=\"widget\" data-widget_type=\"text-editor.default\">\n\t\t\t\t\t\t\t\t\t<p><span style=\"font-weight: 400;\">The kitchen is one of the most complex \u2014 and perhaps most fascinating \u2014 spaces to design.<\/span><span style=\"font-weight: 400;\"><br \/><\/span><span style=\"font-weight: 400;\"> It is the part of the home where technology, aesthetics, habits, and everyday life intertwine most visibly.<\/span><\/p><p><span style=\"font-weight: 400;\">And it is precisely here that design makes the difference.<\/span><\/p><p><span style=\"font-weight: 400;\">Because there is no universally perfect kitchen. There is only the right kitchen for the people who live in it \u2014 for the way they inhabit their home, cook, share spaces, and shape their everyday routines.<\/span><\/p><p><span style=\"font-weight: 400;\">For some, it will be a central and convivial space, open to the living area; for others, a more intimate, practical, and separate environment. In any case, designing a kitchen does not simply mean choosing individual elements, but creating a coherent relationship between space, function, and the people who use it.<\/span><\/p><p><span style=\"font-weight: 400;\">And that is precisely why the kitchen deserves more than a simple arrangement of cabinets.\u00a0 <\/span><span style=\"font-weight: 400;\">It deserves a <strong>project<\/strong>.<\/span><\/p><p>If you are thinking about a new kitchen for your home, you can get in touch with us <a href=\"https:\/\/amniosarchitettura.it\/en\/contatti\/\"><span style=\"text-decoration: underline;\">for a free consultation.\u00a0<\/span><\/a><\/p>\t\t\t\t\t\t\t\t<\/div>\n\t\t\t\t\t<\/div>\n\t\t<\/div>\n\t\t\t\t\t<\/div>\n\t\t<\/section>\n\t\t\t\t<\/div>","protected":false},"excerpt":{"rendered":"<p>La cucina: lo specchio del modo di abitare La cucina \u00e8 forse l\u2019ambiente della casa che pi\u00f9 di ogni altro racconta come \u00e8 cambiato il nostro modo di abitare. Da ambiente relegato e nascosto, accessibile quasi solo a chi si occupava del lavoro domestico, con il tempo \u00e8 diventata sempre pi\u00f9 un luogo di convivialit\u00e0&#8230;<\/p>","protected":false},"author":2,"featured_media":5924,"comment_status":"closed","ping_status":"closed","sticky":false,"template":"","format":"standard","meta":{"footnotes":""},"categories":[17],"tags":[],"class_list":["post-5906","post","type-post","status-publish","format-standard","has-post-thumbnail","hentry","category-articoli"],"_links":{"self":[{"href":"https:\/\/amniosarchitettura.it\/en\/wp-json\/wp\/v2\/posts\/5906","targetHints":{"allow":["GET"]}}],"collection":[{"href":"https:\/\/amniosarchitettura.it\/en\/wp-json\/wp\/v2\/posts"}],"about":[{"href":"https:\/\/amniosarchitettura.it\/en\/wp-json\/wp\/v2\/types\/post"}],"author":[{"embeddable":true,"href":"https:\/\/amniosarchitettura.it\/en\/wp-json\/wp\/v2\/users\/2"}],"replies":[{"embeddable":true,"href":"https:\/\/amniosarchitettura.it\/en\/wp-json\/wp\/v2\/comments?post=5906"}],"version-history":[{"count":13,"href":"https:\/\/amniosarchitettura.it\/en\/wp-json\/wp\/v2\/posts\/5906\/revisions"}],"predecessor-version":[{"id":5987,"href":"https:\/\/amniosarchitettura.it\/en\/wp-json\/wp\/v2\/posts\/5906\/revisions\/5987"}],"wp:featuredmedia":[{"embeddable":true,"href":"https:\/\/amniosarchitettura.it\/en\/wp-json\/wp\/v2\/media\/5924"}],"wp:attachment":[{"href":"https:\/\/amniosarchitettura.it\/en\/wp-json\/wp\/v2\/media?parent=5906"}],"wp:term":[{"taxonomy":"category","embeddable":true,"href":"https:\/\/amniosarchitettura.it\/en\/wp-json\/wp\/v2\/categories?post=5906"},{"taxonomy":"post_tag","embeddable":true,"href":"https:\/\/amniosarchitettura.it\/en\/wp-json\/wp\/v2\/tags?post=5906"}],"curies":[{"name":"wp","href":"https:\/\/api.w.org\/{rel}","templated":true}]}}