{"id":4703,"date":"2026-02-12T11:33:12","date_gmt":"2026-02-12T11:33:12","guid":{"rendered":"https:\/\/amniosarchitettura.it\/?p=4703"},"modified":"2026-04-01T12:58:47","modified_gmt":"2026-04-01T12:58:47","slug":"arredare-una-casa-vacanza-a-roma","status":"publish","type":"post","link":"https:\/\/amniosarchitettura.it\/en\/articoli\/arredare-una-casa-vacanza-a-roma\/","title":{"rendered":"Interior design for holiday rentals in Rome"},"content":{"rendered":"\t\t<div data-elementor-type=\"wp-post\" data-elementor-id=\"4703\" class=\"elementor elementor-4703\">\n\t\t\t\t\t\t<section class=\"elementor-section elementor-top-section elementor-element elementor-element-820a9ae elementor-section-full_width elementor-section-height-default elementor-section-height-default\" data-id=\"820a9ae\" data-element_type=\"section\">\n\t\t\t\t\t\t<div class=\"elementor-container elementor-column-gap-no\">\n\t\t\t\t\t<div class=\"elementor-column elementor-col-100 elementor-top-column elementor-element elementor-element-3492f5c\" data-id=\"3492f5c\" data-element_type=\"column\">\n\t\t\t<div class=\"elementor-widget-wrap elementor-element-populated\">\n\t\t\t\t\t\t<div class=\"elementor-element elementor-element-e4d6bca elementor-widget elementor-widget-text-editor\" data-id=\"e4d6bca\" data-element_type=\"widget\" data-widget_type=\"text-editor.default\">\n\t\t\t\t\t\t\t\t\t<p><span style=\"font-weight: 400;\">Ad oggi non basta pi\u00f9 un arredamento improvvisato per emergere nel mercato delle case vacanza a Roma, che \u00e8 diventato sempre pi\u00f9 affollato e competitivo. Sono sempre di pi\u00f9 infatti gli host che investono in ristrutturazioni, design e dettagli unici per distinguersi. Quest\u2019anno in particolare, complice l\u2019atteso Giubileo, il settore ha vissuto un nuovo boom, che per\u00f2 non ha fatto crescere l\u2019offerta quanto ci si aspettava (ne abbiamo parlato qui). In questo articolo vediamo come progettare e arredare al meglio una casa vacanza nel 2026.<\/span><\/p>\t\t\t\t\t\t\t\t<\/div>\n\t\t\t\t\t<\/div>\n\t\t<\/div>\n\t\t\t\t\t<\/div>\n\t\t<\/section>\n\t\t<div class=\"elementor-element elementor-element-3e76e6b e-flex e-con-boxed e-con e-parent\" data-id=\"3e76e6b\" data-element_type=\"container\">\n\t\t\t\t\t<div class=\"e-con-inner\">\n\t\t\t\t<div class=\"elementor-element elementor-element-6783045 elementor-widget elementor-widget-heading\" data-id=\"6783045\" data-element_type=\"widget\" data-widget_type=\"heading.default\">\n\t\t\t\t\t<h2 class=\"elementor-heading-title elementor-size-default\">Prima di arredare \n<\/h2>\t\t\t\t<\/div>\n\t\t\t\t\t<\/div>\n\t\t\t\t<\/div>\n\t\t\t\t<section class=\"elementor-section elementor-top-section elementor-element elementor-element-a2879bc elementor-section-full_width elementor-section-height-default elementor-section-height-default\" data-id=\"a2879bc\" data-element_type=\"section\">\n\t\t\t\t\t\t<div class=\"elementor-container elementor-column-gap-no\">\n\t\t\t\t\t<div class=\"elementor-column elementor-col-100 elementor-top-column elementor-element elementor-element-c35882f\" data-id=\"c35882f\" data-element_type=\"column\">\n\t\t\t<div class=\"elementor-widget-wrap elementor-element-populated\">\n\t\t\t\t\t\t<div class=\"elementor-element elementor-element-1a2fa0f elementor-widget elementor-widget-text-editor\" data-id=\"1a2fa0f\" data-element_type=\"widget\" data-widget_type=\"text-editor.default\">\n\t\t\t\t\t\t\t\t\t<p><span style=\"font-weight: 400;\">In questo articolo useremo il termine <\/span><i><span style=\"font-weight: 400;\">\u201ccasa vacanza\u201d <\/span><\/i><span style=\"font-weight: 400;\">in senso generico, per indicare tutte le tipologie di alloggi turistici ed extra-ricettivi presenti nel Lazio.\u00a0<\/span><\/p><p><span style=\"font-weight: 400;\">Prima di pensare all\u2019arredamento, per\u00f2, serve uno <\/span><b>studio di fattibilit\u00e0<\/b><span style=\"font-weight: 400;\">: vale davvero la pena entrare in un mercato cos\u00ec competitivo? Se s\u00ec, quale tipologia \u00e8 pi\u00f9 adatta alla tua casa, alla zona e al target che vuoi attrarre? E quale modello di gestione puoi sostenere nel tempo?\u00a0<\/span><\/p><p><span style=\"font-weight: 400;\">Una volta fatte queste valutazioni, si pu\u00f2 dare forma al progetto: a volte basta arredare, altre serve anche una ristrutturazione. Spesso a Roma, a meno che non si abbia ristrutturato da poco, o ci si trovi con uno stato di partenza che funziona, conviene prevedere almeno un piccolo intervento di <\/span><b>ristrutturazione<\/b><span style=\"font-weight: 400;\">, perch\u00e9 le case vacanza devono essere al passo con i tempi e performanti, inoltre hanno esigenze diverse rispetto agli affitti medio-lunghi. Questo pu\u00f2 voler dire <\/span><b>aggiornare impianti datati<\/b><span style=\"font-weight: 400;\">, fare <\/span><b>piccole modifiche ai tramezzi<\/b><span style=\"font-weight: 400;\">, in modo da massimizzare il numero di ospiti che la normativa consente, o semplicemente dare alla casa un <\/span><b>design accattivante e coerente <\/b><span style=\"font-weight: 400;\">che la renda competitiva sul mercato.\u00a0<\/span><\/p><p><span style=\"font-weight: 400;\">Un architetto specializzato in case vacanza a Roma sapr\u00e0 mettere insieme tutti questi elementi e individuare le mosse giuste per ottenere il massimo risultato con il minimo degli interventi. <\/span><b>Solo a quel punto si pu\u00f2 davvero parlare di arredamento.\u00a0<\/b><\/p>\t\t\t\t\t\t\t\t<\/div>\n\t\t\t\t\t<\/div>\n\t\t<\/div>\n\t\t\t\t\t<\/div>\n\t\t<\/section>\n\t\t<div class=\"elementor-element elementor-element-04ca155 e-flex e-con-boxed e-con e-parent\" data-id=\"04ca155\" data-element_type=\"container\">\n\t\t\t\t\t<div class=\"e-con-inner\">\n\t\t\t\t<div class=\"elementor-element elementor-element-dedade0 elementor-widget elementor-widget-heading\" data-id=\"dedade0\" data-element_type=\"widget\" data-widget_type=\"heading.default\">\n\t\t\t\t\t<h2 class=\"elementor-heading-title elementor-size-default\">Come arredare una casa vacanza a Roma nel 2026\n <\/h2>\t\t\t\t<\/div>\n\t\t\t\t\t<\/div>\n\t\t\t\t<\/div>\n\t\t\t\t<section class=\"elementor-section elementor-top-section elementor-element elementor-element-ffd3674 elementor-section-full_width elementor-section-height-default elementor-section-height-default\" data-id=\"ffd3674\" data-element_type=\"section\">\n\t\t\t\t\t\t<div class=\"elementor-container elementor-column-gap-no\">\n\t\t\t\t\t<div class=\"elementor-column elementor-col-100 elementor-top-column elementor-element elementor-element-bb02b5e\" data-id=\"bb02b5e\" data-element_type=\"column\">\n\t\t\t<div class=\"elementor-widget-wrap elementor-element-populated\">\n\t\t\t\t\t\t<div class=\"elementor-element elementor-element-af51802 elementor-widget elementor-widget-text-editor\" data-id=\"af51802\" data-element_type=\"widget\" data-widget_type=\"text-editor.default\">\n\t\t\t\t\t\t\t\t\t<ol><li><b> Deve essere memorabile e accattivante\u00a0<\/b><\/li><\/ol><p><span style=\"font-weight: 400;\">Il design oggi non \u00e8 un dettaglio, ma un investimento che si ripaga.\u00a0<\/span><\/p><ul><li><span style=\"font-weight: 400;\"> Secondo AirDNA, case vacanza <\/span><b>professionalmente progettate <\/b><span style=\"font-weight: 400;\">possono aumentare il fatturato fino al <\/span><b>+40%<\/b><span style=\"font-weight: 400;\">.\u00a0<\/span><\/li><li><span style=\"font-weight: 400;\"> Uno studio pubblicato su <\/span><i><span style=\"font-weight: 400;\">ResearchGate <\/span><\/i><span style=\"font-weight: 400;\">nel 2025 (\u201cVisual servicescape analytics: design style and demand in Airbnb from unstructured data\u201d) ha analizzato 562 <\/span>propriet\u00e0 in 28 citt\u00e0 e milioni di recensioni: gli alloggi dal <b>design contemporaneo <\/b>registrano tassi di occupazione significativamente pi\u00f9 alti rispetto agli altri.\u00a0<\/li><\/ul><p><span style=\"font-weight: 400;\">A Roma se non sei al <\/span><b>Centro Storico <\/b><span style=\"font-weight: 400;\">o possiedi una <\/span><b>casa d\u2019epoca<\/b><span style=\"font-weight: 400;\">, avere un design professionale, contemporaneo e non improvvisato \u00e8 un obbligo.\u00a0<\/span><\/p>\t\t\t\t\t\t\t\t<\/div>\n\t\t\t\t\t<\/div>\n\t\t<\/div>\n\t\t\t\t\t<\/div>\n\t\t<\/section>\n\t\t<div class=\"elementor-element elementor-element-0e37460 e-con-full e-flex e-con e-parent\" data-id=\"0e37460\" data-element_type=\"container\">\n\t\t<div class=\"elementor-element elementor-element-10cabcb e-flex e-con-boxed e-con e-child\" data-id=\"10cabcb\" data-element_type=\"container\">\n\t\t\t\t\t<div class=\"e-con-inner\">\n\t\t\t\t<div class=\"elementor-element elementor-element-7655115 elementor-widget elementor-widget-image\" data-id=\"7655115\" data-element_type=\"widget\" data-widget_type=\"image.default\">\n\t\t\t\t\t\t\t\t\t\t\t\t\t\t\t\t<a href=\"#\">\n\t\t\t\t\t\t\t<img fetchpriority=\"high\" decoding=\"async\" width=\"683\" height=\"1024\" src=\"https:\/\/amniosarchitettura.it\/wp-content\/uploads\/2026\/01\/CASA-BLU-CASA-VACANZE_A1-683x1024.webp\" class=\"attachment-large size-large wp-image-4265\" alt=\"Cucina e zona pranzo di una casa vacanza di design a Roma\" srcset=\"https:\/\/amniosarchitettura.it\/wp-content\/uploads\/2026\/01\/CASA-BLU-CASA-VACANZE_A1-683x1024.webp 683w, https:\/\/amniosarchitettura.it\/wp-content\/uploads\/2026\/01\/CASA-BLU-CASA-VACANZE_A1-200x300.webp 200w, https:\/\/amniosarchitettura.it\/wp-content\/uploads\/2026\/01\/CASA-BLU-CASA-VACANZE_A1-768x1152.webp 768w, https:\/\/amniosarchitettura.it\/wp-content\/uploads\/2026\/01\/CASA-BLU-CASA-VACANZE_A1-1024x1536.webp 1024w, https:\/\/amniosarchitettura.it\/wp-content\/uploads\/2026\/01\/CASA-BLU-CASA-VACANZE_A1.webp 1280w\" sizes=\"(max-width: 683px) 100vw, 683px\" \/>\t\t\t\t\t\t\t\t<\/a>\n\t\t\t\t\t\t\t\t\t\t\t\t\t\t\t<\/div>\n\t\t\t\t<div class=\"elementor-element elementor-element-bc8c629 elementor-widget elementor-widget-image\" data-id=\"bc8c629\" data-element_type=\"widget\" data-widget_type=\"image.default\">\n\t\t\t\t\t\t\t\t\t\t\t\t\t\t\t\t<a href=\"https:\/\/amniosarchitettura.it\/portfolio\/casa-blu-casa-vacanze-a-roma\/\">\n\t\t\t\t\t\t\t<img decoding=\"async\" width=\"683\" height=\"1024\" src=\"https:\/\/amniosarchitettura.it\/wp-content\/uploads\/2026\/02\/A11-683x1024.webp\" class=\"attachment-large size-large wp-image-4704\" alt=\"\" srcset=\"https:\/\/amniosarchitettura.it\/wp-content\/uploads\/2026\/02\/A11-683x1024.webp 683w, https:\/\/amniosarchitettura.it\/wp-content\/uploads\/2026\/02\/A11-200x300.webp 200w, https:\/\/amniosarchitettura.it\/wp-content\/uploads\/2026\/02\/A11-768x1152.webp 768w, https:\/\/amniosarchitettura.it\/wp-content\/uploads\/2026\/02\/A11-1024x1536.webp 1024w, https:\/\/amniosarchitettura.it\/wp-content\/uploads\/2026\/02\/A11-8x12.webp 8w, https:\/\/amniosarchitettura.it\/wp-content\/uploads\/2026\/02\/A11.webp 1280w\" sizes=\"(max-width: 683px) 100vw, 683px\" \/>\t\t\t\t\t\t\t\t<\/a>\n\t\t\t\t\t\t\t\t\t\t\t\t\t\t\t<\/div>\n\t\t\t\t\t<\/div>\n\t\t\t\t<\/div>\n\t\t\t\t<div class=\"elementor-element elementor-element-ce14b4c elementor-widget elementor-widget-text-editor\" data-id=\"ce14b4c\" data-element_type=\"widget\" data-widget_type=\"text-editor.default\">\n\t\t\t\t\t\t\t\t\t<p><em><a style=\"background-color: #ffffff;\" href=\"https:\/\/amniosarchitettura.it\/portfolio\/casa-blu-casa-vacanze-a-roma\/\" target=\"_blank\" rel=\"noopener\"><span style=\"text-decoration: underline;\">Casa Blu<\/span><\/a> <span style=\"font-weight: 400;\">: zona giorno e camera da letto<\/span><\/em><\/p>\t\t\t\t\t\t\t\t<\/div>\n\t\t\t\t<\/div>\n\t\t\t\t<section class=\"elementor-section elementor-top-section elementor-element elementor-element-c790400 elementor-section-full_width elementor-section-height-default elementor-section-height-default\" data-id=\"c790400\" data-element_type=\"section\">\n\t\t\t\t\t\t<div class=\"elementor-container elementor-column-gap-no\">\n\t\t\t\t\t<div class=\"elementor-column elementor-col-100 elementor-top-column elementor-element elementor-element-bea751c\" data-id=\"bea751c\" data-element_type=\"column\">\n\t\t\t<div class=\"elementor-widget-wrap elementor-element-populated\">\n\t\t\t\t\t\t<div class=\"elementor-element elementor-element-04e55fe elementor-widget elementor-widget-text-editor\" data-id=\"04e55fe\" data-element_type=\"widget\" data-widget_type=\"text-editor.default\">\n\t\t\t\t\t\t\t\t\t<ol start=\"2\"><li><b> Soggiorni brevi, flessibilit\u00e0 e gestione: le priorit\u00e0 dell\u2019arredo\u00a0<\/b><\/li><\/ol><p><span style=\"font-weight: 400;\">L\u2019arredamento di una casa vacanza non pu\u00f2 seguire le stesse logiche di un\u2019abitazione destinata a chi ci vive stabilmente per anni. A Roma i soggiorni turistici durano in media 3-4 giorni e gli ospiti possono essere molto diversi tra loro: una famiglia, una coppia o un gruppo di amici.\u00a0<\/span><\/p><p><span style=\"font-weight: 400;\">Per questo l\u2019alloggio deve essere pensato per i <\/span><b>soggiorni brevi<\/b><span style=\"font-weight: 400;\">, in cui spesso si rientra solo per dormire e tendenzialmente non si disfa nemmeno la valigia. Ci\u00f2 significa, ad esempio, garantire il massimo comfort per il <\/span><b>riposo<\/b><span style=\"font-weight: 400;\">, la funzione pi\u00f9 importante in una casa vacanza, e prevedere <\/span><b>bagni funzionali e ben curati<\/b><span style=\"font-weight: 400;\">, possibilmente pi\u00f9 di uno, perch\u00e9 gli ospiti tendono a utilizzarli negli stessi momenti della giornata.\u00a0<\/span><\/p><p><span style=\"font-weight: 400;\">\u00c8 utile progettare <\/span><b>spazi flessibili<\/b><span style=\"font-weight: 400;\">, capaci di adattarsi a famiglie, coppie, gruppi di amici o persino all\u2019ospite extra.\u00a0<\/span><\/p>\t\t\t\t\t\t\t\t<\/div>\n\t\t\t\t\t<\/div>\n\t\t<\/div>\n\t\t\t\t\t<\/div>\n\t\t<\/section>\n\t\t<div class=\"elementor-element elementor-element-03ace8c e-con-full e-flex e-con e-parent\" data-id=\"03ace8c\" data-element_type=\"container\">\n\t\t<div class=\"elementor-element elementor-element-0d788bb e-flex e-con-boxed e-con e-child\" data-id=\"0d788bb\" data-element_type=\"container\">\n\t\t\t\t\t<div class=\"e-con-inner\">\n\t\t\t\t<div class=\"elementor-element elementor-element-24fb0dd elementor-widget__width-initial elementor-widget-mobile__width-inherit elementor-widget elementor-widget-image\" data-id=\"24fb0dd\" data-element_type=\"widget\" data-widget_type=\"image.default\">\n\t\t\t\t\t\t\t\t\t\t\t\t\t\t\t\t<a href=\"#\">\n\t\t\t\t\t\t\t<img decoding=\"async\" width=\"1024\" height=\"683\" src=\"https:\/\/amniosarchitettura.it\/wp-content\/uploads\/2026\/01\/H-1024x683.webp\" class=\"attachment-large size-large wp-image-4816\" alt=\"\" srcset=\"https:\/\/amniosarchitettura.it\/wp-content\/uploads\/2026\/01\/H-1024x683.webp 1024w, https:\/\/amniosarchitettura.it\/wp-content\/uploads\/2026\/01\/H-300x200.webp 300w, https:\/\/amniosarchitettura.it\/wp-content\/uploads\/2026\/01\/H-768x512.webp 768w, https:\/\/amniosarchitettura.it\/wp-content\/uploads\/2026\/01\/H-1536x1025.webp 1536w, https:\/\/amniosarchitettura.it\/wp-content\/uploads\/2026\/01\/H-18x12.webp 18w, https:\/\/amniosarchitettura.it\/wp-content\/uploads\/2026\/01\/H.webp 1920w\" sizes=\"(max-width: 1024px) 100vw, 1024px\" \/>\t\t\t\t\t\t\t\t<\/a>\n\t\t\t\t\t\t\t\t\t\t\t\t\t\t\t<\/div>\n\t\t\t\t<div class=\"elementor-element elementor-element-20266a1 elementor-widget elementor-widget-image\" data-id=\"20266a1\" data-element_type=\"widget\" data-widget_type=\"image.default\">\n\t\t\t\t\t\t\t\t\t\t\t\t\t\t\t\t<a href=\"https:\/\/amniosarchitettura.it\/portfolio\/casa-blu-casa-vacanze-a-roma\/\">\n\t\t\t\t\t\t\t<img loading=\"lazy\" decoding=\"async\" width=\"1024\" height=\"683\" src=\"https:\/\/amniosarchitettura.it\/wp-content\/uploads\/2026\/01\/G-1024x683.webp\" class=\"attachment-large size-large wp-image-4815\" alt=\"\" srcset=\"https:\/\/amniosarchitettura.it\/wp-content\/uploads\/2026\/01\/G-1024x683.webp 1024w, https:\/\/amniosarchitettura.it\/wp-content\/uploads\/2026\/01\/G-300x200.webp 300w, https:\/\/amniosarchitettura.it\/wp-content\/uploads\/2026\/01\/G-768x512.webp 768w, https:\/\/amniosarchitettura.it\/wp-content\/uploads\/2026\/01\/G-1536x1024.webp 1536w, https:\/\/amniosarchitettura.it\/wp-content\/uploads\/2026\/01\/G-18x12.webp 18w, https:\/\/amniosarchitettura.it\/wp-content\/uploads\/2026\/01\/G.webp 1920w\" sizes=\"(max-width: 1024px) 100vw, 1024px\" \/>\t\t\t\t\t\t\t\t<\/a>\n\t\t\t\t\t\t\t\t\t\t\t\t\t\t\t<\/div>\n\t\t\t\t\t<\/div>\n\t\t\t\t<\/div>\n\t\t\t\t<\/div>\n\t\t\t\t<section class=\"elementor-section elementor-top-section elementor-element elementor-element-3528eb3 elementor-section-full_width elementor-section-height-default elementor-section-height-default\" data-id=\"3528eb3\" data-element_type=\"section\">\n\t\t\t\t\t\t<div class=\"elementor-container elementor-column-gap-no\">\n\t\t\t\t\t<div class=\"elementor-column elementor-col-100 elementor-top-column elementor-element elementor-element-94c2a7b\" data-id=\"94c2a7b\" data-element_type=\"column\">\n\t\t\t<div class=\"elementor-widget-wrap elementor-element-populated\">\n\t\t\t\t\t\t<div class=\"elementor-element elementor-element-80ed7c2 elementor-widget elementor-widget-text-editor\" data-id=\"80ed7c2\" data-element_type=\"widget\" data-widget_type=\"text-editor.default\">\n\t\t\t\t\t\t\t\t\t<p><em><a style=\"background-color: #ffffff;\" href=\"https:\/\/amniosarchitettura.it\/portfolio\/casa-verde-casa-vacanze-roma-progetto-architettura\/\" target=\"_blank\" rel=\"noopener\"><span style=\"text-decoration: underline;\">Casa Verde<\/span><\/a><span style=\"font-weight: 400;\">: le pedane letto consentono diverse configurazioni, ampliando il bacino di prenotazioni<\/span><\/em><\/p>\t\t\t\t\t\t\t\t<\/div>\n\t\t\t\t\t<\/div>\n\t\t<\/div>\n\t\t\t\t\t<\/div>\n\t\t<\/section>\n\t\t<div class=\"elementor-element elementor-element-0b96b52 e-flex e-con-boxed e-con e-parent\" data-id=\"0b96b52\" data-element_type=\"container\">\n\t\t\t\t\t<div class=\"e-con-inner\">\n\t\t\t\t<div class=\"elementor-element elementor-element-8841629 elementor-widget elementor-widget-text-editor\" data-id=\"8841629\" data-element_type=\"widget\" data-widget_type=\"text-editor.default\">\n\t\t\t\t\t\t\t\t\t<p><span style=\"font-weight: 400;\">L\u2019arredamento deve privilegiare <\/span><b>materiali pratici, resistenti e antimacchia<\/b><span style=\"font-weight: 400;\">, che non si rovinino facilmente e siano semplici da pulire, insieme a soluzioni sgombre e funzionali che facilitino la gestione, incentivino pulizie di qualit\u00e0 e riducano tempi e costi. Non vanno infine dimenticati <\/span><b>spazi di stoccaggio <\/b><span style=\"font-weight: 400;\">dedicati a biancheria, scorte e materiali di servizio.<\/span><\/p><ol start=\"3\"><li><b> Deve offrire i giusti servizi (amenities)\u00a0<\/b><\/li><\/ol><p><span style=\"font-weight: 400;\">Gli ospiti scelgono filtrando per servizi.\u00a0<\/span><\/p><ul><li><span style=\"font-weight: 400;\"> Airbnb propone oggi oltre <\/span><b>80 \u201camenities\u201d <\/b><span style=\"font-weight: 400;\">(dotazioni), Booking altrettante \u201cfacilities\u201d.\u00a0<\/span><\/li><li><span style=\"font-weight: 400;\"> WiFi, cucina attrezzata, lavatrice, aria condizionata o parcheggio possono determinare la scelta dell\u2019alloggio.\u00a0<\/span><\/li><\/ul><p><span style=\"font-weight: 400;\">Investire nelle dotazioni richieste \u00e8 quindi cruciale per non essere esclusi gi\u00e0 in fase di ricerca.\u00a0<\/span><\/p><ol start=\"4\"><li><b> Avere una chicca, un\u2019attrazione unica \u00e8 un plus<\/b><\/li><\/ol><p><span style=\"font-weight: 400;\">Una \u201cchicca\u201d o un\u2019accortezza che pu\u00f2 regalare un\u2019esperienza pu\u00f2 fare la differenza: jacuzzi, terrazza panoramica, sala cinema, vista mozzafiato, impianto hi-fi.\u00a0<\/span><\/p><ul><li><span style=\"font-weight: 400;\"> Secondo AirDNA, annunci con <\/span><b>amenities uniche <\/b><span style=\"font-weight: 400;\">ottengono fino a <\/span><b>+20% di prenotazioni <\/b><span style=\"font-weight: 400;\">a parit\u00e0 di prezzo e posizione.\u00a0<\/span><\/li><li><span style=\"font-weight: 400;\"> BeyondPricing segnala che propriet\u00e0 con feature \u201cwow\u201d hanno un <\/span><b>ADR (Average Daily Rate) <\/b><span style=\"font-weight: 400;\">pi\u00f9 alto del <\/span><b>15-30%<\/b><span style=\"font-weight: 400;\">.\u00a0<\/span><\/li><\/ul><ol start=\"5\"><li><b> Deve parlare al target giusto\u00a0<\/b><\/li><\/ol><p><span style=\"font-weight: 400;\">Il design deve riflettere il pubblico a cui ti rivolgi.\u00a0<\/span><\/p><ul><li><span style=\"font-weight: 400;\"> Esempio: \u201cStation to Station\u201d, vicino a Termini, \u00e8 stata progettata per giovani viaggiatori, con un linguaggio pop e contemporaneo.<\/span><\/li><li><span style=\"font-weight: 400;\"> Al contrario, <a href=\"https:\/\/amniosarchitettura.it\/portfolio\/casa-blu-casa-vacanze-a-roma\/\"><span style=\"text-decoration: underline;\">\u201cCasa Blu\u201d<\/span> <\/a>e <a href=\"https:\/\/amniosarchitettura.it\/portfolio\/casa-verde-casa-vacanze-roma-progetto-architettura\/\"><span style=\"text-decoration: underline;\">\u201cCasa Verde\u201d<\/span><\/a>, nei pressi del Vaticano, hanno un linguaggio pi\u00f9 neutro e minimalista, ideale per famiglie e adulti<\/span><span style=\"font-weight: 400;\">.\u00a0<\/span><\/li><\/ul><p><span style=\"font-weight: 400;\">Rendere una casa <\/span><b>particolare e distintiva <\/b><span style=\"font-weight: 400;\">\u00e8 un vantaggio doppio: spicca tra gli annunci e offre agli ospiti l\u2019esperienza di vivere qualcosa di diverso da casa propria.\u00a0<\/span><\/p>\t\t\t\t\t\t\t\t<\/div>\n\t\t\t\t\t<\/div>\n\t\t\t\t<\/div>\n\t\t<div class=\"elementor-element elementor-element-b846d05 e-flex e-con-boxed e-con e-parent\" data-id=\"b846d05\" data-element_type=\"container\">\n\t\t\t\t\t<div class=\"e-con-inner\">\n\t\t\t\t<div class=\"elementor-element elementor-element-3acac62 elementor-widget elementor-widget-heading\" data-id=\"3acac62\" data-element_type=\"widget\" data-widget_type=\"heading.default\">\n\t\t\t\t\t<h2 class=\"elementor-heading-title elementor-size-default\">Conclusioni <\/h2>\t\t\t\t<\/div>\n\t\t\t\t\t<\/div>\n\t\t\t\t<\/div>\n\t\t\t\t<section class=\"elementor-section elementor-top-section elementor-element elementor-element-1e3ba92 elementor-section-full_width elementor-section-height-default elementor-section-height-default\" data-id=\"1e3ba92\" data-element_type=\"section\">\n\t\t\t\t\t\t<div class=\"elementor-container elementor-column-gap-no\">\n\t\t\t\t\t<div class=\"elementor-column elementor-col-100 elementor-top-column elementor-element elementor-element-b5c576a\" data-id=\"b5c576a\" data-element_type=\"column\">\n\t\t\t<div class=\"elementor-widget-wrap elementor-element-populated\">\n\t\t\t\t\t\t<div class=\"elementor-element elementor-element-0259c84 elementor-widget elementor-widget-text-editor\" data-id=\"0259c84\" data-element_type=\"widget\" data-widget_type=\"text-editor.default\">\n\t\t\t\t\t\t\t\t\t<p><span style=\"font-weight: 400;\">Arredare una casa vacanza a Roma richiede scelte mirate e competenze specifiche. In un mercato cos\u00ec competitivo, affidarsi a un professionista permette di ottenere il massimo con il minimo degli interventi, trasformando la casa in un investimento che si ripaga con pi\u00f9 attrattivit\u00e0 e redditivit\u00e0.\u00a0<\/span><\/p><p>Se vuoi trasformare la tua casa in un alloggio competitivo e di successo, il team di Amnios pu\u00f2 supportarti con consulenze e progetti su misura, accompagnandoti dalla fattibilit\u00e0 alla gestione. Contattaci per una\u00a0<a href=\"https:\/\/amniosarchitettura.it\/contatti\/\"><u>prima consulenza gratuita.<\/u><\/a><\/p>\t\t\t\t\t\t\t\t<\/div>\n\t\t\t\t\t<\/div>\n\t\t<\/div>\n\t\t\t\t\t<\/div>\n\t\t<\/section>\n\t\t<div class=\"elementor-element elementor-element-2b795a9 e-flex e-con-boxed e-con e-parent\" data-id=\"2b795a9\" data-element_type=\"container\" data-settings=\"{&quot;background_background&quot;:&quot;classic&quot;}\">\n\t\t\t\t\t<div class=\"e-con-inner\">\n\t\t\t\t<div class=\"elementor-element elementor-element-4daa0d9 elementor-widget elementor-widget-heading\" data-id=\"4daa0d9\" data-element_type=\"widget\" data-widget_type=\"heading.default\">\n\t\t\t\t\t<h6 class=\"elementor-heading-title elementor-size-default\">Scarica la guida \"Valore di un Immobile\"<\/h6>\t\t\t\t<\/div>\n\t\t\t\t<div class=\"elementor-element elementor-element-af9b612 elementor-widget__width-initial elementor-widget-mobile__width-inherit elementor-widget elementor-widget-shortcode\" data-id=\"af9b612\" data-element_type=\"widget\" data-widget_type=\"shortcode.default\">\n\t\t\t\t\t<style>.elementor-element-af9b612{display:none !important}<\/style>\t\t\t\t<\/div>\n\t\t\t\t<div class=\"elementor-element elementor-element-5d72580 elementor-widget__width-initial elementor-widget-mobile__width-inherit elementor-widget elementor-widget-shortcode\" data-id=\"5d72580\" data-element_type=\"widget\" data-widget_type=\"shortcode.default\">\n\t\t\t\t\t\t\t<div class=\"elementor-shortcode\">\t\t\t\t\t<script type=\"text\/javascript\">\n\t\t\t\t\t\tvar gCaptchaSibWidget;\n                        var onloadSibCallbackInvisible = function () {\n\n                            var element = document.getElementsByClassName('sib-default-btn');\n                            var countInvisible = 0;\n                            var indexArray = [];\n                            jQuery('.sib-default-btn').each(function (index, el) {\n                                if ((jQuery(el).attr('id') == \"invisible\")) {\n                                    indexArray[countInvisible] = index;\n                                    countInvisible++\n                                }\n                            });\n\n                            jQuery('.invi-recaptcha').each(function (index, el) {\n                                grecaptcha.render(element[indexArray[index]], {\n                                    'sitekey': jQuery(el).attr('data-sitekey'),\n                                    'callback': sibVerifyCallback,\n                                });\n                            });\n                        };\n\t\t\t\t\t<\/script>\n\t\t\t\t\t                <script src=\"https:\/\/www.google.com\/recaptcha\/api.js?onload=onloadSibCallbackInvisible&render=explicit\" async defer><\/script>\n\t\t\t\t\n\t\t\t<form id=\"sib_signup_form_4\" method=\"post\" class=\"sib_signup_form\">\n\t\t\t\t<div class=\"sib_loader\" style=\"display:none;\"><img\n\t\t\t\t\t\t\tsrc=\"https:\/\/amniosarchitettura.it\/wp-includes\/images\/spinner.gif\" alt=\"loader\"><\/div>\n\t\t\t\t<input type=\"hidden\" name=\"sib_form_action\" value=\"subscribe_form_submit\">\n\t\t\t\t<input type=\"hidden\" name=\"sib_form_id\" value=\"4\">\n                <input type=\"hidden\" name=\"sib_form_alert_notice\" value=\"Si prega di compilare questo campo\">\n                <input type=\"hidden\" name=\"sib_form_invalid_email_notice\" value=\"Il tuo indirizzo email non \u00e8 valido\">\n                <input type=\"hidden\" name=\"sib_security\" value=\"913da4ca48\">\n\t\t\t\t<div class=\"sib_signup_box_inside_4\">\n\t\t\t\t\t<div style=\"\/*display:none*\/\" class=\"sib_msg_disp\">\n\t\t\t\t\t<\/div>\n                                            <div id=\"sib_captcha_invisible\" class=\"invi-recaptcha\" data-sitekey=\"6Lddu9QZAAAAAKpmn0DrXOVY-1-2iP9bBPIN34NW\"><\/div>\n                    \t\t\t\t\t<p class=\"sib-email-area\">\r\n    <input type=\"email\" class=\"sib-email-area\" name=\"email\" required=\"required\" placeholder=\"Enter your email address\">\r\n<\/p>\r\n<p>\r\n    <input type=\"submit\" id=\"invisible\" class=\"sib-default-btn\" value=\"Get your guide\">\r\n<\/p>\r\n\r\n\t\t\t\t<\/div>\n\t\t\t<\/form>\n\t\t\t<style>\n\t\t\t\tform#sib_signup_form_4 p.sib-alert-message {\n    padding: 6px 12px;\n    margin-bottom: 20px;\n    border: 1px solid transparent;\n    border-radius: 4px;\n    -webkit-box-sizing: border-box;\n    -moz-box-sizing: border-box;\n    box-sizing: border-box;\n}\nform#sib_signup_form_4 p.sib-alert-message-error {\n    background-color: #f2dede;\n    border-color: #ebccd1;\n    color: #a94442;\n}\nform#sib_signup_form_4 p.sib-alert-message-success {\n    background-color: #dff0d8;\n    border-color: #d6e9c6;\n    color: #3c763d;\n}\nform#sib_signup_form_4 p.sib-alert-message-warning {\n    background-color: #fcf8e3;\n    border-color: #faebcc;\n    color: #8a6d3b;\n}\n\t\t\t<\/style>\n\t\t\t<\/div>\n\t\t\t\t\t\t<\/div>\n\t\t\t\t\t<\/div>\n\t\t\t\t<\/div>\n\t\t\t\t<\/div>\n\t\t","protected":false},"excerpt":{"rendered":"<p>Ad oggi non basta pi\u00f9 un arredamento improvvisato per emergere nel mercato delle case vacanza a Roma, che \u00e8 diventato sempre pi\u00f9 affollato e competitivo. Sono sempre di pi\u00f9 infatti gli host che investono in ristrutturazioni, design e dettagli unici per distinguersi. Quest\u2019anno in particolare, complice l\u2019atteso Giubileo, il settore ha vissuto un nuovo boom,&#8230;<\/p>","protected":false},"author":2,"featured_media":4261,"comment_status":"closed","ping_status":"closed","sticky":false,"template":"","format":"standard","meta":{"footnotes":""},"categories":[17],"tags":[],"class_list":["post-4703","post","type-post","status-publish","format-standard","has-post-thumbnail","hentry","category-articoli"],"_links":{"self":[{"href":"https:\/\/amniosarchitettura.it\/en\/wp-json\/wp\/v2\/posts\/4703","targetHints":{"allow":["GET"]}}],"collection":[{"href":"https:\/\/amniosarchitettura.it\/en\/wp-json\/wp\/v2\/posts"}],"about":[{"href":"https:\/\/amniosarchitettura.it\/en\/wp-json\/wp\/v2\/types\/post"}],"author":[{"embeddable":true,"href":"https:\/\/amniosarchitettura.it\/en\/wp-json\/wp\/v2\/users\/2"}],"replies":[{"embeddable":true,"href":"https:\/\/amniosarchitettura.it\/en\/wp-json\/wp\/v2\/comments?post=4703"}],"version-history":[{"count":91,"href":"https:\/\/amniosarchitettura.it\/en\/wp-json\/wp\/v2\/posts\/4703\/revisions"}],"predecessor-version":[{"id":5917,"href":"https:\/\/amniosarchitettura.it\/en\/wp-json\/wp\/v2\/posts\/4703\/revisions\/5917"}],"wp:featuredmedia":[{"embeddable":true,"href":"https:\/\/amniosarchitettura.it\/en\/wp-json\/wp\/v2\/media\/4261"}],"wp:attachment":[{"href":"https:\/\/amniosarchitettura.it\/en\/wp-json\/wp\/v2\/media?parent=4703"}],"wp:term":[{"taxonomy":"category","embeddable":true,"href":"https:\/\/amniosarchitettura.it\/en\/wp-json\/wp\/v2\/categories?post=4703"},{"taxonomy":"post_tag","embeddable":true,"href":"https:\/\/amniosarchitettura.it\/en\/wp-json\/wp\/v2\/tags?post=4703"}],"curies":[{"name":"wp","href":"https:\/\/api.w.org\/{rel}","templated":true}]}}