{"id":4382,"date":"2026-02-02T14:05:24","date_gmt":"2026-02-02T14:05:24","guid":{"rendered":"https:\/\/amniosarchitettura.it\/download\/affitti-brevi-a-roma-opportunit-sfide-e-come-affrontarle-con-il-giusto-progetto\/"},"modified":"2026-03-11T09:19:52","modified_gmt":"2026-03-11T09:19:52","slug":"affitti-brevi-a-roma-opportunit-sfide-e-come-affrontarle-con-il-giusto-progetto","status":"publish","type":"post","link":"https:\/\/amniosarchitettura.it\/en\/articoli\/affitti-brevi-a-roma-opportunit-sfide-e-come-affrontarle-con-il-giusto-progetto\/","title":{"rendered":"Short-Term Rentals in Rome: Opportunities, Challenges and the Role of Design"},"content":{"rendered":"\t\t<div data-elementor-type=\"wp-post\" data-elementor-id=\"4382\" class=\"elementor elementor-4382\">\n\t\t\t\t\t\t<section class=\"elementor-section elementor-top-section elementor-element elementor-element-820a9ae elementor-section-full_width elementor-section-height-default elementor-section-height-default\" data-id=\"820a9ae\" data-element_type=\"section\">\n\t\t\t\t\t\t<div class=\"elementor-container elementor-column-gap-no\">\n\t\t\t\t\t<div class=\"elementor-column elementor-col-100 elementor-top-column elementor-element elementor-element-3492f5c\" data-id=\"3492f5c\" data-element_type=\"column\">\n\t\t\t<div class=\"elementor-widget-wrap elementor-element-populated\">\n\t\t\t\t\t\t<div class=\"elementor-element elementor-element-e4d6bca elementor-widget elementor-widget-text-editor\" data-id=\"e4d6bca\" data-element_type=\"widget\" data-widget_type=\"text-editor.default\">\n\t\t\t\t\t\t\t\t\t<p>Gli affitti brevi a Roma sono ormai un argomento sulla bocca di tutti. Un business che pu\u00f2 sembrare semplice e vantaggioso: soggiorni brevi, possibilit\u00e0 di riprendere possesso dell\u2019immobile quando si vuole, maggiore controllo rispetto agli affitti lunghi e guadagni apparentemente elevati.<\/p><p>Negli ultimi anni, per\u00f2, la realt\u00e0 \u00e8 cambiata. A Roma, complice anche l\u2019attesa per il Giubileo, molti hanno pensato di arricchirsi aprendo una casa vacanza. Il risultato? Un mercato <strong>altamente competitivo<\/strong>, in cui si confrontano <strong>immobili sempre pi\u00f9 belli, curati e professionali<\/strong>, spesso a prezzi molto aggressivi. E, mentre l\u2019offerta \u00e8 aumentata, la domanda legata al pellegrinaggio ha spesso trovato risposta nelle strutture ecclesiastiche, non negli affitti brevi.<\/p>\t\t\t\t\t\t\t\t<\/div>\n\t\t\t\t\t<\/div>\n\t\t<\/div>\n\t\t\t\t\t<\/div>\n\t\t<\/section>\n\t\t<div class=\"elementor-element elementor-element-3e76e6b e-flex e-con-boxed e-con e-parent\" data-id=\"3e76e6b\" data-element_type=\"container\">\n\t\t\t\t\t<div class=\"e-con-inner\">\n\t\t\t\t<div class=\"elementor-element elementor-element-6783045 elementor-widget elementor-widget-heading\" data-id=\"6783045\" data-element_type=\"widget\" data-widget_type=\"heading.default\">\n\t\t\t\t\t<h2 class=\"elementor-heading-title elementor-size-default\">Dall\u2019inizio a oggi: l\u2019evoluzione degli affitti brevi a Roma<\/h2>\t\t\t\t<\/div>\n\t\t\t\t\t<\/div>\n\t\t\t\t<\/div>\n\t\t\t\t<section class=\"elementor-section elementor-top-section elementor-element elementor-element-a2879bc elementor-section-full_width elementor-section-height-default elementor-section-height-default\" data-id=\"a2879bc\" data-element_type=\"section\">\n\t\t\t\t\t\t<div class=\"elementor-container elementor-column-gap-no\">\n\t\t\t\t\t<div class=\"elementor-column elementor-col-100 elementor-top-column elementor-element elementor-element-c35882f\" data-id=\"c35882f\" data-element_type=\"column\">\n\t\t\t<div class=\"elementor-widget-wrap elementor-element-populated\">\n\t\t\t\t\t\t<div class=\"elementor-element elementor-element-1a2fa0f elementor-widget elementor-widget-text-editor\" data-id=\"1a2fa0f\" data-element_type=\"widget\" data-widget_type=\"text-editor.default\">\n\t\t\t\t\t\t\t\t\t<p><strong>\u2022 2008<\/strong>: gli annunci Airbnb a Roma erano quasi inesistenti e la qualit\u00e0 piuttosto bassa.<\/p><p><strong>\u2022 2018-2019<\/strong>: primo boom degli affitti brevi, con oltre 30.000 annunci in citt\u00e0, soprattutto nel centro storico.<\/p><p><strong>\u2022 2020<\/strong>: il Covid ha causato un crollo della domanda e un forte calo delle prenotazioni.<\/p><p><strong>\u2022 2021-2022: <\/strong>segnano la ripartenza: per riconquistare i viaggiatori dopo la pandemia, gli host hanno alzato gli standard di pulizia, migliorato la qualit\u00e0 degli alloggi, spesso ristrutturando.<\/p><p><strong>\u2022 2023-2025<\/strong>: secondo boom, il mercato \u00e8 maturato. Secondo Airbtics, gli annunci attivi a Roma sono passati da 25.720 nel 2024 a 29.378 nel 2025. Oggi dominano i Superhost, i gestori professionali, le case di alto design: la qualit\u00e0 \u00e8 diventata la chiave del successo.<\/p>\t\t\t\t\t\t\t\t<\/div>\n\t\t\t\t\t<\/div>\n\t\t<\/div>\n\t\t\t\t\t<\/div>\n\t\t<\/section>\n\t\t<div class=\"elementor-element elementor-element-04ca155 e-flex e-con-boxed e-con e-parent\" data-id=\"04ca155\" data-element_type=\"container\">\n\t\t\t\t\t<div class=\"e-con-inner\">\n\t\t\t\t<div class=\"elementor-element elementor-element-dedade0 elementor-widget elementor-widget-heading\" data-id=\"dedade0\" data-element_type=\"widget\" data-widget_type=\"heading.default\">\n\t\t\t\t\t<h2 class=\"elementor-heading-title elementor-size-default\">Perch\u00e9 non ci si pu\u00f2 improvvisare <\/h2>\t\t\t\t<\/div>\n\t\t\t\t\t<\/div>\n\t\t\t\t<\/div>\n\t\t\t\t<section class=\"elementor-section elementor-top-section elementor-element elementor-element-ffd3674 elementor-section-full_width elementor-section-height-default elementor-section-height-default\" data-id=\"ffd3674\" data-element_type=\"section\">\n\t\t\t\t\t\t<div class=\"elementor-container elementor-column-gap-no\">\n\t\t\t\t\t<div class=\"elementor-column elementor-col-100 elementor-top-column elementor-element elementor-element-bb02b5e\" data-id=\"bb02b5e\" data-element_type=\"column\">\n\t\t\t<div class=\"elementor-widget-wrap elementor-element-populated\">\n\t\t\t\t\t\t<div class=\"elementor-element elementor-element-af51802 elementor-widget-tablet__width-inherit elementor-widget-mobile__width-inherit elementor-widget elementor-widget-text-editor\" data-id=\"af51802\" data-element_type=\"widget\" data-widget_type=\"text-editor.default\">\n\t\t\t\t\t\t\t\t\t<p>Se un tempo bastava arredare in modo \u201ccarino\u201d, oggi non \u00e8 pi\u00f9 cos\u00ec.<\/p><p>Gli ospiti ormai esigono alloggi progettati sulle loro esigenze di viaggio: la zona notte deve essere comoda perch\u00e9 in genere tornano solo per dormire, amano l\u2019aria condizionata, ma tendono a usarla senza misura, per questo \u00e8 opportuno prevedere sistemi impiantistici efficienti che limitino i consumi. E questi sono solo un paio di esempi tra le infinite accortezze da conoscere.<\/p><p>Ma non basta. In un mercato cos\u00ec competitivo serve anche un <strong>design accattivante, unico e distintivo<\/strong>. Gli ospiti non prenotano ambienti neutri o impersonali: scelgono case che sappiano distinguersi, catturare l\u2019attenzione e trasformare il soggiorno in un\u2019esperienza memorabile (ne abbiamo parlato anche in <a href=\"https:\/\/amniosarchitettura.it\/pubblicazioni\/arredare-una-casa-vacanza-a-roma\/\"><span style=\"text-decoration: underline;\">questo articolo<\/span><\/a>).<\/p>\t\t\t\t\t\t\t\t<\/div>\n\t\t\t\t\t<\/div>\n\t\t<\/div>\n\t\t\t\t\t<\/div>\n\t\t<\/section>\n\t\t<div class=\"elementor-element elementor-element-0e37460 e-flex e-con-boxed e-con e-parent\" data-id=\"0e37460\" data-element_type=\"container\">\n\t\t\t\t\t<div class=\"e-con-inner\">\n\t\t\t\t<div class=\"elementor-element elementor-element-d97ae0e elementor-widget elementor-widget-image\" data-id=\"d97ae0e\" data-element_type=\"widget\" data-widget_type=\"image.default\">\n\t\t\t\t\t\t\t\t\t\t\t\t\t\t\t<img fetchpriority=\"high\" decoding=\"async\" width=\"880\" height=\"1024\" src=\"https:\/\/amniosarchitettura.it\/wp-content\/uploads\/2026\/02\/schizzo-articolo-3-880x1024.jpg\" class=\"attachment-large size-large wp-image-4390\" alt=\"\" srcset=\"https:\/\/amniosarchitettura.it\/wp-content\/uploads\/2026\/02\/schizzo-articolo-3-880x1024.jpg 880w, https:\/\/amniosarchitettura.it\/wp-content\/uploads\/2026\/02\/schizzo-articolo-3-258x300.jpg 258w, https:\/\/amniosarchitettura.it\/wp-content\/uploads\/2026\/02\/schizzo-articolo-3-768x893.jpg 768w, https:\/\/amniosarchitettura.it\/wp-content\/uploads\/2026\/02\/schizzo-articolo-3-1320x1536.jpg 1320w, https:\/\/amniosarchitettura.it\/wp-content\/uploads\/2026\/02\/schizzo-articolo-3-1760x2048.jpg 1760w\" sizes=\"(max-width: 880px) 100vw, 880px\" \/>\t\t\t\t\t\t\t\t\t\t\t\t\t\t\t<\/div>\n\t\t\t\t\t<\/div>\n\t\t\t\t<\/div>\n\t\t<div class=\"elementor-element elementor-element-286a1e8 e-flex e-con-boxed e-con e-parent\" data-id=\"286a1e8\" data-element_type=\"container\">\n\t\t\t\t\t<div class=\"e-con-inner\">\n\t\t\t\t<div class=\"elementor-element elementor-element-6c26157 elementor-widget elementor-widget-heading\" data-id=\"6c26157\" data-element_type=\"widget\" data-widget_type=\"heading.default\">\n\t\t\t\t\t<h2 class=\"elementor-heading-title elementor-size-default\">L\u2019importanza del progetto e della strategia <\/h2>\t\t\t\t<\/div>\n\t\t\t\t\t<\/div>\n\t\t\t\t<\/div>\n\t\t\t\t<section class=\"elementor-section elementor-top-section elementor-element elementor-element-b6d200c elementor-section-full_width elementor-section-height-default elementor-section-height-default\" data-id=\"b6d200c\" data-element_type=\"section\">\n\t\t\t\t\t\t<div class=\"elementor-container elementor-column-gap-no\">\n\t\t\t\t\t<div class=\"elementor-column elementor-col-100 elementor-top-column elementor-element elementor-element-dca4136\" data-id=\"dca4136\" data-element_type=\"column\">\n\t\t\t<div class=\"elementor-widget-wrap elementor-element-populated\">\n\t\t\t\t\t\t<div class=\"elementor-element elementor-element-82c50db elementor-widget elementor-widget-text-editor\" data-id=\"82c50db\" data-element_type=\"widget\" data-widget_type=\"text-editor.default\">\n\t\t\t\t\t\t\t\t\t<p>Per aprire una casa vacanza oggi non basta \u201cmettere in affitto\u201d un immobile. Serve:<\/p><ol><li><strong>Uno studio di fattibilit\u00e0 <\/strong>\u2192 per capire se conviene davvero aprire una struttura ricettiva o se \u00e8 meglio valutare altre forme di reddito (affitti medi o lunghi, locazioni miste, ecc.).<\/li><li><strong>Analisi normativa <\/strong>\u2192 perch\u00e9 non tutti gli immobili hanno i requisiti per diventare casa vacanza o affittacamere.<\/li><li><strong>Definizione del modello <\/strong>\u2192 affitti brevi, casa vacanza, affittacamere ecc.: ogni formula ha regole diverse.<\/li><li><strong>Progetto di ristrutturazione e interior design <\/strong>\u2192 il design non pu\u00f2 essere generico. Deve nascere da un\u2019analisi del comportamento degli ospiti e dei loro bisogni. Per esempio: nel progetto <strong>Station to Station <\/strong>a Termini ci siamo rivolte a un pubblico giovane e internazionale; per <strong>Casa <\/strong><strong>Verde e Casa Blu <\/strong>al Vaticano abbiamo invece progettato spazi flessibili per famiglie e coppie. In entrambi i casi il design \u00e8 stato <strong>spinto e accattivante<\/strong>, su misura del target, ma ottimizzato negli investimenti per garantire un ritorno economico (scarica questa guida per saperne di pi\u00f9 &#8211; rimando al link della risorsa gratuita GUIDA B2C).<\/li><li><strong>Calcolo ROI <\/strong>\u2192 stimare costi, investimenti e guadagni attesi.<\/li><\/ol>\t\t\t\t\t\t\t\t<\/div>\n\t\t<div class=\"elementor-element elementor-element-2bb4e44 e-flex e-con-boxed e-con e-parent\" data-id=\"2bb4e44\" data-element_type=\"container\">\n\t\t\t\t\t<div class=\"e-con-inner\">\n\t\t<div class=\"elementor-element elementor-element-9e6e347 e-con-full e-flex e-con e-child\" data-id=\"9e6e347\" data-element_type=\"container\" data-settings=\"{&quot;background_background&quot;:&quot;classic&quot;}\">\n\t\t\t\t<div class=\"elementor-element elementor-element-9809532 elementor-widget elementor-widget-heading\" data-id=\"9809532\" data-element_type=\"widget\" data-widget_type=\"heading.default\">\n\t\t\t\t\t<h6 class=\"elementor-heading-title elementor-size-default\">Scarica la guida \"Valore di un Immobile\"<\/h6>\t\t\t\t<\/div>\n\t\t\t\t<div class=\"elementor-element elementor-element-14a9742 elementor-widget__width-initial elementor-widget-mobile__width-inherit elementor-widget elementor-widget-shortcode\" data-id=\"14a9742\" data-element_type=\"widget\" data-widget_type=\"shortcode.default\">\n\t\t\t\t\t<style>.elementor-element-14a9742{display:none !important}<\/style>\t\t\t\t<\/div>\n\t\t\t\t<div class=\"elementor-element elementor-element-6ce67aa elementor-widget__width-initial elementor-widget-mobile__width-inherit elementor-widget elementor-widget-shortcode\" data-id=\"6ce67aa\" data-element_type=\"widget\" data-widget_type=\"shortcode.default\">\n\t\t\t\t\t\t\t<div class=\"elementor-shortcode\">\t\t\t\t\t<script type=\"text\/javascript\">\n\t\t\t\t\t\tvar gCaptchaSibWidget;\n                        var onloadSibCallbackInvisible = function () {\n\n                            var element = document.getElementsByClassName('sib-default-btn');\n                            var countInvisible = 0;\n                            var indexArray = [];\n                            jQuery('.sib-default-btn').each(function (index, el) {\n                                if ((jQuery(el).attr('id') == \"invisible\")) {\n                                    indexArray[countInvisible] = index;\n                                    countInvisible++\n                                }\n                            });\n\n                            jQuery('.invi-recaptcha').each(function (index, el) {\n                                grecaptcha.render(element[indexArray[index]], {\n                                    'sitekey': jQuery(el).attr('data-sitekey'),\n                                    'callback': sibVerifyCallback,\n                                });\n                            });\n                        };\n\t\t\t\t\t<\/script>\n\t\t\t\t\t                <script src=\"https:\/\/www.google.com\/recaptcha\/api.js?onload=onloadSibCallbackInvisible&render=explicit\" async defer><\/script>\n\t\t\t\t\n\t\t\t<form id=\"sib_signup_form_4\" method=\"post\" class=\"sib_signup_form\">\n\t\t\t\t<div class=\"sib_loader\" style=\"display:none;\"><img\n\t\t\t\t\t\t\tsrc=\"https:\/\/amniosarchitettura.it\/wp-includes\/images\/spinner.gif\" alt=\"loader\"><\/div>\n\t\t\t\t<input type=\"hidden\" name=\"sib_form_action\" value=\"subscribe_form_submit\">\n\t\t\t\t<input type=\"hidden\" name=\"sib_form_id\" value=\"4\">\n                <input type=\"hidden\" name=\"sib_form_alert_notice\" value=\"Si prega di compilare questo campo\">\n                <input type=\"hidden\" name=\"sib_form_invalid_email_notice\" value=\"Il tuo indirizzo email non \u00e8 valido\">\n                <input type=\"hidden\" name=\"sib_security\" value=\"913da4ca48\">\n\t\t\t\t<div class=\"sib_signup_box_inside_4\">\n\t\t\t\t\t<div style=\"\/*display:none*\/\" class=\"sib_msg_disp\">\n\t\t\t\t\t<\/div>\n                                            <div id=\"sib_captcha_invisible\" class=\"invi-recaptcha\" data-sitekey=\"6Lddu9QZAAAAAKpmn0DrXOVY-1-2iP9bBPIN34NW\"><\/div>\n                    \t\t\t\t\t<p class=\"sib-email-area\">\r\n    <input type=\"email\" class=\"sib-email-area\" name=\"email\" required=\"required\" placeholder=\"Enter your email address\">\r\n<\/p>\r\n<p>\r\n    <input type=\"submit\" id=\"invisible\" class=\"sib-default-btn\" value=\"Get your guide\">\r\n<\/p>\r\n\r\n\t\t\t\t<\/div>\n\t\t\t<\/form>\n\t\t\t<style>\n\t\t\t\tform#sib_signup_form_4 p.sib-alert-message {\n    padding: 6px 12px;\n    margin-bottom: 20px;\n    border: 1px solid transparent;\n    border-radius: 4px;\n    -webkit-box-sizing: border-box;\n    -moz-box-sizing: border-box;\n    box-sizing: border-box;\n}\nform#sib_signup_form_4 p.sib-alert-message-error {\n    background-color: #f2dede;\n    border-color: #ebccd1;\n    color: #a94442;\n}\nform#sib_signup_form_4 p.sib-alert-message-success {\n    background-color: #dff0d8;\n    border-color: #d6e9c6;\n    color: #3c763d;\n}\nform#sib_signup_form_4 p.sib-alert-message-warning {\n    background-color: #fcf8e3;\n    border-color: #faebcc;\n    color: #8a6d3b;\n}\n\t\t\t<\/style>\n\t\t\t<\/div>\n\t\t\t\t\t\t<\/div>\n\t\t\t\t<\/div>\n\t\t\t\t\t<\/div>\n\t\t\t\t<\/div>\n\t\t\t\t\t<\/div>\n\t\t<\/div>\n\t\t\t\t\t<\/div>\n\t\t<\/section>\n\t\t<div class=\"elementor-element elementor-element-0b96b52 e-flex e-con-boxed e-con e-parent\" data-id=\"0b96b52\" data-element_type=\"container\">\n\t\t\t\t\t<div class=\"e-con-inner\">\n\t\t\t\t<div class=\"elementor-element elementor-element-a9a8644 elementor-widget elementor-widget-image\" data-id=\"a9a8644\" data-element_type=\"widget\" data-widget_type=\"image.default\">\n\t\t\t\t\t\t\t\t\t\t\t\t\t\t\t\t<a href=\"#\">\n\t\t\t\t\t\t\t<img decoding=\"async\" width=\"372\" height=\"556\" src=\"https:\/\/amniosarchitettura.it\/wp-content\/uploads\/2026\/02\/Img-art-2.webp\" class=\"attachment-large size-large wp-image-4400\" alt=\"\" srcset=\"https:\/\/amniosarchitettura.it\/wp-content\/uploads\/2026\/02\/Img-art-2.webp 372w, https:\/\/amniosarchitettura.it\/wp-content\/uploads\/2026\/02\/Img-art-2-201x300.webp 201w\" sizes=\"(max-width: 372px) 100vw, 372px\" \/>\t\t\t\t\t\t\t\t<\/a>\n\t\t\t\t\t\t\t\t\t\t\t\t\t\t\t<\/div>\n\t\t\t\t<div class=\"elementor-element elementor-element-1845acf elementor-widget elementor-widget-image\" data-id=\"1845acf\" data-element_type=\"widget\" data-widget_type=\"image.default\">\n\t\t\t\t\t\t\t\t\t\t\t\t\t\t\t\t<a href=\"https:\/\/amniosarchitettura.it\/portfolio\/casa-blu-casa-vacanze-a-roma\/\">\n\t\t\t\t\t\t\t<img decoding=\"async\" width=\"370\" height=\"556\" src=\"https:\/\/amniosarchitettura.it\/wp-content\/uploads\/2026\/02\/Img-art-1.webp\" class=\"attachment-large size-large wp-image-4401\" alt=\"\" srcset=\"https:\/\/amniosarchitettura.it\/wp-content\/uploads\/2026\/02\/Img-art-1.webp 370w, https:\/\/amniosarchitettura.it\/wp-content\/uploads\/2026\/02\/Img-art-1-200x300.webp 200w\" sizes=\"(max-width: 370px) 100vw, 370px\" \/>\t\t\t\t\t\t\t\t<\/a>\n\t\t\t\t\t\t\t\t\t\t\t\t\t\t\t<\/div>\n\t\t\t\t\t<\/div>\n\t\t\t\t<\/div>\n\t\t\t\t<section class=\"elementor-section elementor-top-section elementor-element elementor-element-3528eb3 elementor-section-full_width elementor-section-height-default elementor-section-height-default\" data-id=\"3528eb3\" data-element_type=\"section\">\n\t\t\t\t\t\t<div class=\"elementor-container elementor-column-gap-no\">\n\t\t\t\t\t<div class=\"elementor-column elementor-col-100 elementor-top-column elementor-element elementor-element-94c2a7b\" data-id=\"94c2a7b\" data-element_type=\"column\">\n\t\t\t<div class=\"elementor-widget-wrap elementor-element-populated\">\n\t\t\t\t\t\t<div class=\"elementor-element elementor-element-a968a79 elementor-widget elementor-widget-text-editor\" data-id=\"a968a79\" data-element_type=\"widget\" data-widget_type=\"text-editor.default\">\n\t\t\t\t\t\t\t\t\t<p><em><a href=\"https:\/\/amniosarchitettura.it\/portfolio\/casa-verde-casa-vacanze-roma-progetto-architettura\/\"><span style=\"text-decoration: underline;\">Casa Verde<\/span><\/a> e<a href=\"https:\/\/amniosarchitettura.it\/portfolio\/casa-blu-casa-vacanze-a-roma\/\"> <span style=\"text-decoration: underline;\">Casa Blu<\/span><\/a>: case vacanze progettate da Amnios Architettura.<\/em><\/p>\t\t\t\t\t\t\t\t<\/div>\n\t\t\t\t\t<\/div>\n\t\t<\/div>\n\t\t\t\t\t<\/div>\n\t\t<\/section>\n\t\t<div class=\"elementor-element elementor-element-b846d05 e-flex e-con-boxed e-con e-parent\" data-id=\"b846d05\" data-element_type=\"container\">\n\t\t\t\t\t<div class=\"e-con-inner\">\n\t\t\t\t<div class=\"elementor-element elementor-element-3acac62 elementor-widget elementor-widget-heading\" data-id=\"3acac62\" data-element_type=\"widget\" data-widget_type=\"heading.default\">\n\t\t\t\t\t<h2 class=\"elementor-heading-title elementor-size-default\">Perch\u00e9 scegliere Amnios <\/h2>\t\t\t\t<\/div>\n\t\t\t\t\t<\/div>\n\t\t\t\t<\/div>\n\t\t\t\t<section class=\"elementor-section elementor-top-section elementor-element elementor-element-1e3ba92 elementor-section-full_width elementor-section-height-default elementor-section-height-default\" data-id=\"1e3ba92\" data-element_type=\"section\">\n\t\t\t\t\t\t<div class=\"elementor-container elementor-column-gap-no\">\n\t\t\t\t\t<div class=\"elementor-column elementor-col-100 elementor-top-column elementor-element elementor-element-b5c576a\" data-id=\"b5c576a\" data-element_type=\"column\">\n\t\t\t<div class=\"elementor-widget-wrap elementor-element-populated\">\n\t\t\t\t\t\t<div class=\"elementor-element elementor-element-0259c84 elementor-widget elementor-widget-text-editor\" data-id=\"0259c84\" data-element_type=\"widget\" data-widget_type=\"text-editor.default\">\n\t\t\t\t\t\t\t\t\t<p>Noi di <strong>Amnios <\/strong>siamo architette specializzate in <strong>ristrutturazione e messa a reddito di immobili<\/strong>. Non solo: siamo anche proprietarie e gestori di affitti brevi a Roma. Questo significa che conosciamo il mercato <strong>sia dal punto di vista progettuale che gestionale<\/strong>.<\/p><p>Abbiamo gi\u00e0 aiutato diversi proprietari a trasformare i loro immobili in strutture ricettive di successo, con progetti che uniscono:<\/p><ul><li>studi di fattibilit\u00e0<\/li><li>design unico e riconoscibile,<\/li><li>ottimizzazione degli spazi,<\/li><li>attenzione alle normative,<\/li><li>strategie di gestione.<\/li><\/ul><p><strong>Vuoi sapere se il tuo immobile pu\u00f2 diventare una casa per affitti brevi a Roma di successo? <\/strong><\/p><p><a href=\"https:\/\/amniosarchitettura.it\/contatti\/\"><u>Prenota una <strong>consulenza gratuita<\/strong><\/u><\/a>\u00a0con Amnios e scopri come possiamo accompagnarti dalla fattibilit\u00e0 al progetto, fino a guidarti sulla gestione.<\/p>\t\t\t\t\t\t\t\t<\/div>\n\t\t\t\t\t<\/div>\n\t\t<\/div>\n\t\t\t\t\t<\/div>\n\t\t<\/section>\n\t\t\t\t<\/div>\n\t\t","protected":false},"excerpt":{"rendered":"<p>Gli affitti brevi a Roma sono ormai un argomento sulla bocca di tutti. Un business che pu\u00f2 sembrare semplice e vantaggioso: soggiorni brevi, possibilit\u00e0 di riprendere possesso dell\u2019immobile quando si vuole, maggiore controllo rispetto agli affitti lunghi e guadagni apparentemente elevati. Negli ultimi anni, per\u00f2, la realt\u00e0 \u00e8 cambiata. A Roma, complice anche l\u2019attesa per&#8230;<\/p>","protected":false},"author":1,"featured_media":4255,"comment_status":"closed","ping_status":"closed","sticky":false,"template":"","format":"standard","meta":{"footnotes":""},"categories":[17],"tags":[],"class_list":["post-4382","post","type-post","status-publish","format-standard","has-post-thumbnail","hentry","category-articoli"],"_links":{"self":[{"href":"https:\/\/amniosarchitettura.it\/en\/wp-json\/wp\/v2\/posts\/4382","targetHints":{"allow":["GET"]}}],"collection":[{"href":"https:\/\/amniosarchitettura.it\/en\/wp-json\/wp\/v2\/posts"}],"about":[{"href":"https:\/\/amniosarchitettura.it\/en\/wp-json\/wp\/v2\/types\/post"}],"author":[{"embeddable":true,"href":"https:\/\/amniosarchitettura.it\/en\/wp-json\/wp\/v2\/users\/1"}],"replies":[{"embeddable":true,"href":"https:\/\/amniosarchitettura.it\/en\/wp-json\/wp\/v2\/comments?post=4382"}],"version-history":[{"count":94,"href":"https:\/\/amniosarchitettura.it\/en\/wp-json\/wp\/v2\/posts\/4382\/revisions"}],"predecessor-version":[{"id":5850,"href":"https:\/\/amniosarchitettura.it\/en\/wp-json\/wp\/v2\/posts\/4382\/revisions\/5850"}],"wp:featuredmedia":[{"embeddable":true,"href":"https:\/\/amniosarchitettura.it\/en\/wp-json\/wp\/v2\/media\/4255"}],"wp:attachment":[{"href":"https:\/\/amniosarchitettura.it\/en\/wp-json\/wp\/v2\/media?parent=4382"}],"wp:term":[{"taxonomy":"category","embeddable":true,"href":"https:\/\/amniosarchitettura.it\/en\/wp-json\/wp\/v2\/categories?post=4382"},{"taxonomy":"post_tag","embeddable":true,"href":"https:\/\/amniosarchitettura.it\/en\/wp-json\/wp\/v2\/tags?post=4382"}],"curies":[{"name":"wp","href":"https:\/\/api.w.org\/{rel}","templated":true}]}}